[{"@context":"https:\/\/schema.org\/","@type":"Article","@id":"https:\/\/www.roklinka.cz\/zmena-designu\/#Article","mainEntityOfPage":"https:\/\/www.roklinka.cz\/zmena-designu\/","headline":"Zm\u011bna designu","name":"Zm\u011bna designu","description":"Mysl\u00edte si, \u017ee bytov\u00fd n\u00e1vrh\u00e1\u0159 je jenom pro bohat\u00e9? Proto\u017ee kdy\u017e jsem mamince \u0159ekla, \u017ee si do sv\u00e9ho bytu vezmu asi bytov\u00e9ho n\u00e1vrh\u00e1\u0159e, tak se maminka chytala za hlavu. Moje m\u00e1ma v\u016fbec nech\u00e1pe, \u017ee u\u017e je nov\u00e1 doba a \u017ee nemus\u00ed b\u00fdt v\u0161echno zase tak \u00fapln\u011b drah\u00e9, jak ona si mysl\u00ed, jenom\u017ee moje m\u00e1ma sly\u0161\u00ed [&hellip;]","datePublished":"2022-10-10","dateModified":"2022-10-10","author":{"@type":"Person","@id":"https:\/\/www.roklinka.cz\/author\/#Person","name":"","url":"https:\/\/www.roklinka.cz\/author\/","identifier":1,"image":{"@type":"ImageObject","@id":"https:\/\/secure.gravatar.com\/avatar\/7ca2d940d0ae3b24fc759c0201b34a0f70fe6611e5abefd5978e89211a09cdfd?s=96&d=mm&r=g","url":"https:\/\/secure.gravatar.com\/avatar\/7ca2d940d0ae3b24fc759c0201b34a0f70fe6611e5abefd5978e89211a09cdfd?s=96&d=mm&r=g","height":96,"width":96}},"publisher":{"@type":"Organization","name":"roklinka.cz","logo":{"@type":"ImageObject","@id":"\/logo.png","url":"\/logo.png","width":600,"height":60}},"image":{"@type":"ImageObject","@id":"https:\/\/www.roklinka.cz\/wp-content\/uploads\/tallest-3093955_960_720.jpg","url":"https:\/\/www.roklinka.cz\/wp-content\/uploads\/tallest-3093955_960_720.jpg","height":0,"width":0},"url":"https:\/\/www.roklinka.cz\/zmena-designu\/","about":["Neza\u0159azen\u00e9"],"wordCount":440,"articleBody":"       Mysl\u00edte si, \u017ee bytov\u00fd n\u00e1vrh\u00e1\u0159 je jenom pro bohat\u00e9? Proto\u017ee kdy\u017e jsem mamince \u0159ekla, \u017ee si do sv\u00e9ho bytu vezmu asi bytov\u00e9ho n\u00e1vrh\u00e1\u0159e, tak se maminka chytala za hlavu. Moje m\u00e1ma v\u016fbec nech\u00e1pe, \u017ee u\u017e je nov\u00e1 doba a \u017ee nemus\u00ed b\u00fdt v\u0161echno zase tak \u00fapln\u011b drah\u00e9, jak ona si mysl\u00ed, jenom\u017ee moje m\u00e1ma sly\u0161\u00ed slovo n\u00e1vrh\u00e1\u0159 nebo design\u00e9r a u\u017e se jinak mysl\u00ed, \u017ee to budou deseti tis\u00edce. Jenom\u017ee to ale nen\u00ed pravda. V dne\u0161n\u00ed dob\u011b se n\u00e1vrh\u00e1\u0159in\u011b v\u011bnuje opravdu skoro ka\u017ed\u00fd \u010dlov\u011bk. Ale pouze jenom n\u011bkte\u0159\u00ed na profesion\u00e1ln\u00ed \u00farovni. J\u00e1 jsem se kde se v\u011bnovala designu zahrady, ale p\u0159estalo m\u011b to moc bavit. Proto\u017ee jsem na to m\u011bla opravdu m\u00e1lo \u010dasu.Tak\u017ee si design o zahradu d\u011bl\u00e1m pouze sob\u011b a m\u00fdm rodi\u010d\u016fm, bratrovi a sest\u0159e. Nicm\u00e9n\u011b  https:\/\/www.pravidla.cz\/hledej\/%3Fqr%3Dnicm%25E9n%25EC ale bytov\u00fd n\u00e1vrh\u00e1\u0159 taky nemus\u00ed b\u00fdt drah\u00fd, jak si mysl\u00edte. Ano, logicky jsou taky n\u011bkte\u0159\u00ed \u00fapln\u011b luxusn\u00ed design\u00e9\u0159i, kte\u0159\u00ed jsou sice draz\u00ed, ale to u\u017e je kv\u016fli tomu, \u017ee jsou vyhl\u00e1\u0161en\u00ed a sv\u011btov\u00ed odborn\u00edci. Pokud si vyberete opravdu oby\u010dejn\u00e9ho bytov\u00e9ho n\u00e1vrh\u00e1\u0159e, tak v\u011b\u0159te, \u017ee t\u0159eba d\u00e1te za jednu m\u00edstnost dva tis\u00edce a\u017e t\u0159i tis\u00edce korun. A mysl\u00edm si, \u017ee to nen\u00ed mnoho. A j\u00e1 jsem cht\u011bla nechat p\u0159ed\u011blat na\u0161\u00ed lo\u017enici. V\u00edte, na\u0161la jsem si nov\u00e9ho p\u0159\u00edtele, tak\u017ee jsem cht\u011bla ud\u011blat komplet zm\u011bnu. Ob\u00fdv\u00e1k a kuchy\u0148 jsem si n\u011bjak nadesignovala sama, ale lo\u017enici jsem cht\u011bla m\u00edt \u00fapln\u011b dokonalou. Tak\u017ee jsem se s panem bytov\u00fdm n\u00e1vrh\u00e1\u0159em dohodla, \u017ee mi kr\u00e1sn\u011b uprav\u00ed lo\u017enici. Ud\u011blali jsme r\u016fzn\u00e9 n\u00e1\u010drty a on mi potom na po\u010d\u00edta\u010di ud\u011blal takov\u00fd 3D efekt, abych vid\u011bla, jak by to vypadalo. A kdy\u017e jsem byla rozhodnut\u00e1 ke kone\u010dn\u00e9mu v\u00fdsledku, tak jsme si pl\u00e1cli a bytov\u00fd n\u00e1vrh\u00e1\u0159 mi zm\u011bnu provedl. Zaplatila jsem mu sl\u00edben\u00e9 pen\u00edze a bylo hotovo. Nav\u00edc jsem velmi spokojen\u00e1 a bytov\u00e9ho n\u00e1vrh\u00e1\u0159e mohu doporu\u010dit d\u00e1l. Nebo u\u017e m\u00e1te n\u011bjak\u00e9 zku\u0161enosti s bytov\u00fdm n\u00e1vrh\u00e1\u0159em https:\/\/bydesign.cz\/? Je toti\u017e u\u017e mnoho lid\u00ed, co n\u00e1vrh\u00e1\u0159e doma m\u011blo.                                                                                                                                                                                                                                                                                                                                                                                           4.9\/5 - (8 votes)        "},{"@context":"https:\/\/schema.org\/","@type":"BreadcrumbList","itemListElement":[{"@type":"ListItem","position":1,"name":"Zm\u011bna designu","item":"https:\/\/www.roklinka.cz\/zmena-designu\/#breadcrumbitem"}]}]