[{"@context":"https:\/\/schema.org\/","@type":"Article","@id":"https:\/\/www.roklinka.cz\/pozvani-na-oslavu-narozenin\/#Article","mainEntityOfPage":"https:\/\/www.roklinka.cz\/pozvani-na-oslavu-narozenin\/","headline":"Pozv\u00e1n\u00ed na oslavu narozenin","name":"Pozv\u00e1n\u00ed na oslavu narozenin","description":"Va\u0161e dcera je pozvan\u00e1 na oslavu narozenin ke sv\u00e9 kamar\u00e1dce. A jak je z\u00a0pozv\u00e1nky vid\u011bt, rodi\u010de jsou rozhodn\u011b n\u00e1padit\u00ed a po\u0159\u00e1daj\u00ed netradi\u010dn\u00ed oslavu. V\u0161echny d\u011bti obl\u00e9knou karnevalov\u00e9 kost\u00fdmy! A pro\u010d ne? Ale tak narychlo nestihnete \u017e\u00e1dn\u00fd po\u0159\u00e1dn\u00fd p\u0159evlek vyrobit. Snadn\u00e1 pomoc. Nen\u00ed probl\u00e9m si vybrat ze \u0161irok\u00e9 nab\u00eddky, kter\u00e1 je t\u00e9maticky rozd\u011blen\u00e1. Zakoupit m\u016f\u017eete masky [&hellip;]","datePublished":"2024-10-31","dateModified":"2024-10-31","author":{"@type":"Person","@id":"https:\/\/www.roklinka.cz\/author\/#Person","name":"","url":"https:\/\/www.roklinka.cz\/author\/","identifier":1,"image":{"@type":"ImageObject","@id":"https:\/\/secure.gravatar.com\/avatar\/7ca2d940d0ae3b24fc759c0201b34a0f70fe6611e5abefd5978e89211a09cdfd?s=96&d=mm&r=g","url":"https:\/\/secure.gravatar.com\/avatar\/7ca2d940d0ae3b24fc759c0201b34a0f70fe6611e5abefd5978e89211a09cdfd?s=96&d=mm&r=g","height":96,"width":96}},"publisher":{"@type":"Organization","name":"roklinka.cz","logo":{"@type":"ImageObject","@id":"\/logo.png","url":"\/logo.png","width":600,"height":60}},"url":"https:\/\/www.roklinka.cz\/pozvani-na-oslavu-narozenin\/","wordCount":221,"articleBody":"\tVa\u0161e dcera je pozvan\u00e1 na oslavu narozenin ke sv\u00e9 kamar\u00e1dce. A jak je z\u00a0pozv\u00e1nky vid\u011bt, rodi\u010de jsou rozhodn\u011b n\u00e1padit\u00ed a po\u0159\u00e1daj\u00ed netradi\u010dn\u00ed oslavu. V\u0161echny d\u011bti obl\u00e9knou karnevalov\u00e9 kost\u00fdmy! A pro\u010d ne? Ale tak narychlo nestihnete \u017e\u00e1dn\u00fd po\u0159\u00e1dn\u00fd p\u0159evlek vyrobit. Snadn\u00e1 pomoc. Nen\u00ed probl\u00e9m si vybrat ze \u0161irok\u00e9 nab\u00eddky, kter\u00e1 je t\u00e9maticky rozd\u011blen\u00e1. Zakoupit m\u016f\u017eete masky v\u00a0r\u016fzn\u00fdch cenov\u00fdch relac\u00edch. Je jen na v\u00e1s, jakou postavu bude va\u0161e mal\u00e1 ratolest p\u0159edstavovat? Beru\u0161ku, v\u010delku, nebo t\u0159eba princeznu? A hur\u00e1 na d\u011btskou oslavu!\tFiremn\u00ed ve\u010d\u00edrekTo je zase n\u00e1pad. V\u00e1\u0161 \u0161\u00e9f se rozhodl po\u0159\u00e1dat podzimn\u00ed firemn\u00ed ve\u010d\u00edrek v\u00a0kost\u00fdmech! To zase bude ostuda, kdy\u017e vy \u017e\u00e1dn\u00fd nem\u00e1te. \u0160\u00edt ani vyrobit \u017e\u00e1dn\u00fd po\u0159\u00e1dn\u00fd p\u0159evlek nedok\u00e1\u017eete. Je\u0161t\u011b\u017ee se daj\u00ed zakoupit! Origin\u00e1ln\u00ed a precizn\u011b p\u0159ipraven\u00e9 p\u0159evleky v\u010detn\u011b nezbytn\u00fdch dopl\u0148k\u016f u n\u00e1s se\u017eenete. Vyb\u00edrat m\u016f\u017eete z\u00a0cel\u00e9 \u0159ady dostupn\u00fdch velikost\u00ed a r\u016fzn\u00e9ho proveden\u00ed. Na firemn\u00edm ve\u010d\u00edrku rozhodn\u011b zaz\u00e1\u0159\u00edte! Je libo b\u0159i\u0161n\u00ed nebo brazilskou tane\u010dnici, \u010di snad \u010darod\u011bjnici? Zakoupit m\u016f\u017eete dokonce i bavorsk\u00fd kroj!                                                                                                                                                                                                                                                                                                                                                                                        5\/5 - (2 votes)        "},{"@context":"https:\/\/schema.org\/","@type":"BreadcrumbList","itemListElement":[{"@type":"ListItem","position":1,"name":"Pozv\u00e1n\u00ed na oslavu narozenin","item":"https:\/\/www.roklinka.cz\/pozvani-na-oslavu-narozenin\/#breadcrumbitem"}]}]