[{"@context":"https:\/\/schema.org\/","@type":"Article","@id":"https:\/\/www.roklinka.cz\/povinna-marze-po-vzoru-francie\/#Article","mainEntityOfPage":"https:\/\/www.roklinka.cz\/povinna-marze-po-vzoru-francie\/","headline":"Povinn\u00e1 mar\u017ee po vzoru Francie?","name":"Povinn\u00e1 mar\u017ee po vzoru Francie?","description":"Pro velk\u00e9 zna\u010dky tato situace mo\u017en\u00e1 vypad\u00e1 nep\u0159\u00edzniv\u011b, nicm\u00e9n\u011b pro velk\u00e9 mno\u017estv\u00ed produkt\u016f priv\u00e1tn\u00edch zna\u010dek ve Francii by to mohlo znamenat, \u017ee naopak zlevn\u00ed. Toto opat\u0159en\u00ed se ve Francii zav\u00e1d\u00ed pr\u00e1v\u011b proto, aby vl\u00e1da pomohla men\u0161\u00edm v\u00fdrobc\u016fm potravin. Samoz\u0159ejm\u011b se nyn\u00ed Francouzi zm\u00edtaj\u00ed v obav\u00e1ch, zda bude nov\u00fd z\u00e1kon fungovat tak, jak bylo napl\u00e1nov\u00e1no a [&hellip;]","datePublished":"2025-03-04","dateModified":"2023-05-03","author":{"@type":"Person","@id":"https:\/\/www.roklinka.cz\/author\/#Person","name":"","url":"https:\/\/www.roklinka.cz\/author\/","identifier":1,"image":{"@type":"ImageObject","@id":"https:\/\/secure.gravatar.com\/avatar\/7ca2d940d0ae3b24fc759c0201b34a0f70fe6611e5abefd5978e89211a09cdfd?s=96&d=mm&r=g","url":"https:\/\/secure.gravatar.com\/avatar\/7ca2d940d0ae3b24fc759c0201b34a0f70fe6611e5abefd5978e89211a09cdfd?s=96&d=mm&r=g","height":96,"width":96}},"publisher":{"@type":"Organization","name":"roklinka.cz","logo":{"@type":"ImageObject","@id":"\/logo.png","url":"\/logo.png","width":600,"height":60}},"image":{"@type":"ImageObject","@id":"https:\/\/www.roklinka.cz\/wp-content\/uploads\/img_a336962_w2584_t1550261675.jpg","url":"https:\/\/www.roklinka.cz\/wp-content\/uploads\/img_a336962_w2584_t1550261675.jpg","height":0,"width":0},"url":"https:\/\/www.roklinka.cz\/povinna-marze-po-vzoru-francie\/","about":["Ekonomika"],"wordCount":418,"articleBody":"Pro velk\u00e9 zna\u010dky tato situace mo\u017en\u00e1 vypad\u00e1 nep\u0159\u00edzniv\u011b, nicm\u00e9n\u011b pro velk\u00e9 mno\u017estv\u00ed produkt\u016f priv\u00e1tn\u00edch zna\u010dek ve Francii by to mohlo znamenat, \u017ee naopak zlevn\u00ed. Toto opat\u0159en\u00ed se ve Francii zav\u00e1d\u00ed pr\u00e1v\u011b proto, aby vl\u00e1da pomohla men\u0161\u00edm v\u00fdrobc\u016fm potravin.\tSamoz\u0159ejm\u011b se nyn\u00ed Francouzi zm\u00edtaj\u00ed v obav\u00e1ch, zda bude nov\u00fd z\u00e1kon fungovat tak, jak bylo napl\u00e1nov\u00e1no a vymy\u0161leno, proto\u017ee 10% p\u0159ir\u00e1\u017eka na j\u00eddlo \u010di n\u00e1poj, kter\u00e9 nap\u0159\u00edklad st\u00e1lo jedno euro by znamenala, \u017ee nov\u011b bude st\u00e1t tedy 1,1 eura, co\u017e by v p\u0159epo\u010dtu k aktu\u00e1ln\u00edmu kurzu znamenalo, \u017ee nam\u00edsto 25,70 K\u010d by nov\u011b dan\u00e1 potravina st\u00e1la 28,30 K, co\u017e nen\u00ed zrovna m\u00e1lo v p\u0159\u00edpad\u011b, kdy by se to t\u00fdkalo nap\u0159\u00edklad v\u0161ech potravin, kter\u00e9 ud\u011bl\u00e1te v jednom v\u011bt\u0161\u00edm n\u00e1kupu.\tDle dostupn\u00fdch zdroj\u016f v\u0161ak nebudou r\u016fst ceny stejn\u011b, proto\u017ee pr\u00e1v\u011b nov\u00e1 legislativa dopadne pr\u00e1v\u011b hlavn\u011b na supermarkety a hypermarkety.\tHlavn\u00edm d\u016fvodem k dan\u00e9mu opat\u0159en\u00ed byl fakt, \u017ee n\u011bkter\u00e9 velk\u00e9 obchodn\u00ed \u0159et\u011bzce nab\u00edzely nejpopul\u00e1rn\u011bj\u0161\u00ed zna\u010dky potravin a n\u00e1poj\u016f za ceny, kter\u00e9 se prakticky rovnaly v\u00fd\u0161i n\u00e1klad\u016f na jejich po\u0159\u00edzen\u00ed. D\u016fvodem takto n\u00edzk\u00fdch cen vybran\u00fdch produkt\u016f pak samoz\u0159ejm\u011b je boj o ka\u017ed\u00e9ho klienta. D\u00edky zisku klient\u016f na takov\u00e9to r\u016fzn\u00e9 slevov\u00e9 akce, pak maj\u00ed \u0159et\u011bzce velk\u00fd obrat a t\u00edm p\u00e1dem i zisk. Men\u0161\u00ed a mal\u00e9 obchody ale nemohou takto mal\u00fdm mar\u017e\u00edm konkurovat, a proto francouzsk\u00e1 vl\u00e1da p\u0159i\u0161la pr\u00e1v\u011b s povinnou mar\u017e\u00ed.\t\tFrancie v\u0161ak nen\u00ed jedinou zem\u00ed, kde se podobn\u00e9 t\u00e9ma \u0159e\u0161\u00ed. Takov\u00e9 diskuze prob\u00edhaj\u00ed aktu\u00e1ln\u011b i v \u010cesk\u00e9 republice, kdy jedn\u00e1 Ministerstvo zem\u011bd\u011blstv\u00ed se Svazem obchodu a cestovn\u00edho ruchu a sna\u017e\u00ed se doc\u00edlit shody. Samoz\u0159ejm\u011b Svaz obchodu se sna\u017e\u00ed jak\u00e9mukoli na\u0159izov\u00e1n\u00ed a omezov\u00e1n\u00ed vyhnout, proto\u017ee m\u00e1 za to, \u017ee podobn\u00e1 opat\u0159en\u00ed vede pouze k celkov\u00e9mu zdra\u017een\u00ed a zmen\u0161en\u00ed v\u00fdb\u011bru zbo\u017e\u00ed pro klienta.\tN\u011bkte\u0159\u00ed odborn\u00edci jsou dokonce p\u0159esv\u011bd\u010den\u00ed, \u017ee tlak v\u00fdrobc\u016f na vytv\u00e1\u0159en\u00ed protekcionistick\u00fdch opat\u0159en\u00ed ze strany jednotliv\u00fdch vl\u00e1d je d\u016fkazem, \u017ee nejsou schopni obst\u00e1t v otev\u0159en\u00e9 evropsk\u00e9 konkurenci.                                                                                                                                                                                                                                                                                                                                                                                        4.5\/5 - (11 votes)        "},{"@context":"https:\/\/schema.org\/","@type":"BreadcrumbList","itemListElement":[{"@type":"ListItem","position":1,"name":"Povinn\u00e1 mar\u017ee po vzoru Francie?","item":"https:\/\/www.roklinka.cz\/povinna-marze-po-vzoru-francie\/#breadcrumbitem"}]}]