[{"@context":"https:\/\/schema.org\/","@type":"Article","@id":"https:\/\/www.roklinka.cz\/nesetrete-na-zdravem-sezeni\/#Article","mainEntityOfPage":"https:\/\/www.roklinka.cz\/nesetrete-na-zdravem-sezeni\/","headline":"Ne\u0161et\u0159ete na zdrav\u00e9m sezen\u00ed","name":"Ne\u0161et\u0159ete na zdrav\u00e9m sezen\u00ed","description":"\u0160et\u0159it na spr\u00e1vn\u00fdch \u017eidl\u00edch, to se v \u017e\u00e1dn\u00e9m p\u0159\u00edpad\u011b nevyplat\u00ed. I kdy\u017e by se zd\u00e1lo, \u017ee je vlastn\u011b jedno, jak budou kancel\u00e1\u0159sk\u00e1 k\u0159esla a \u017eidle vypadat a jak\u00e9 zam\u011bstnavatel\u00e9 pro svoje pracovn\u00edky vyberou, opak je pravdou. \u0160patn\u00e9 \u017eidle a tud\u00ed\u017e nespr\u00e1vn\u00e1 poloha t\u011bla p\u0159i pr\u00e1ci vyvol\u00e1 brzkou \u00fanavu, unaven\u00fd zam\u011bstnanec nen\u00ed schopen pracovat na sto [&hellip;]","datePublished":"2024-12-20","dateModified":"2024-12-20","author":{"@type":"Person","@id":"https:\/\/www.roklinka.cz\/author\/#Person","name":"","url":"https:\/\/www.roklinka.cz\/author\/","identifier":1,"image":{"@type":"ImageObject","@id":"https:\/\/secure.gravatar.com\/avatar\/7ca2d940d0ae3b24fc759c0201b34a0f70fe6611e5abefd5978e89211a09cdfd?s=96&d=mm&r=g","url":"https:\/\/secure.gravatar.com\/avatar\/7ca2d940d0ae3b24fc759c0201b34a0f70fe6611e5abefd5978e89211a09cdfd?s=96&d=mm&r=g","height":96,"width":96}},"publisher":{"@type":"Organization","name":"roklinka.cz","logo":{"@type":"ImageObject","@id":"\/logo.png","url":"\/logo.png","width":600,"height":60}},"url":"https:\/\/www.roklinka.cz\/nesetrete-na-zdravem-sezeni\/","wordCount":170,"articleBody":"\u0160et\u0159it na spr\u00e1vn\u00fdch \u017eidl\u00edch, to se v \u017e\u00e1dn\u00e9m p\u0159\u00edpad\u011b nevyplat\u00ed. I kdy\u017e by se zd\u00e1lo, \u017ee je vlastn\u011b jedno, jak budou kancel\u00e1\u0159sk\u00e1 k\u0159esla a \u017eidle vypadat a jak\u00e9 zam\u011bstnavatel\u00e9 pro svoje pracovn\u00edky vyberou, opak je pravdou. \u0160patn\u00e9 \u017eidle a tud\u00ed\u017e nespr\u00e1vn\u00e1 poloha t\u011bla p\u0159i pr\u00e1ci vyvol\u00e1 brzkou \u00fanavu, unaven\u00fd zam\u011bstnanec nen\u00ed schopen pracovat na sto procent a m\u016f\u017ee d\u011blat p\u0159i pr\u00e1ci chyby. Nejsme k tomu p\u0159izp\u016fsobeni Lidsk\u00e9mu organizmu dlouhodob\u00e9 sezen\u00ed nesv\u011bd\u010d\u00ed. Na\u0161e t\u011blo pot\u0159ebuje p\u0159edev\u0161\u00edm pohyb, jinak se brzy dostav\u00ed probl\u00e9my se zdrav\u00edm, p\u0159edev\u0161\u00edm s p\u00e1te\u0159\u00ed. V dne\u0161n\u00ed po\u010d\u00edta\u010dov\u00e9 dob\u011b v\u0161ak nelze jinak. Sv\u011bt na n\u00e1s klade takov\u00e9 n\u00e1roky, \u017ee mus\u00edme p\u0159ed monitorem po\u010d\u00edta\u010d\u016f a notebook\u016f str\u00e1vit mnoho \u010dasu. A tak nejen dosp\u011bl\u00ed, ale u\u017e i mal\u00ed \u0161kol\u00e1ci trp\u00ed bolestmi zad.                                                                                                                                                                                                                                                                                                                                                                                        4\/5 - (4 votes)        "},{"@context":"https:\/\/schema.org\/","@type":"BreadcrumbList","itemListElement":[{"@type":"ListItem","position":1,"name":"Ne\u0161et\u0159ete na zdrav\u00e9m sezen\u00ed","item":"https:\/\/www.roklinka.cz\/nesetrete-na-zdravem-sezeni\/#breadcrumbitem"}]}]