{"@context":"https:\/\/schema.org\/","@type":"CollectionPage","@id":"https:\/\/www.roklinka.cz\/moda\/#CollectionPage","headline":"M\u00f3da Category","description":"","url":"https:\/\/www.roklinka.cz\/moda\/","hasPart":[{"@type":"Article","@id":"https:\/\/www.roklinka.cz\/jak-nosit-panske-mokasiny\/","headline":"Jak nosit p\u00e1nsk\u00e9 mokas\u00edny?","url":"https:\/\/www.roklinka.cz\/jak-nosit-panske-mokasiny\/","datePublished":"2025-02-28","dateModified":"2023-05-03","mainEntityOfPage":"https:\/\/www.roklinka.cz\/jak-nosit-panske-mokasiny\/","author":{"@type":"Person","@id":"https:\/\/www.roklinka.cz\/author\/#Person","name":"","url":"https:\/\/www.roklinka.cz\/author\/","identifier":1,"image":{"@type":"ImageObject","@id":"https:\/\/secure.gravatar.com\/avatar\/7ca2d940d0ae3b24fc759c0201b34a0f70fe6611e5abefd5978e89211a09cdfd?s=96&d=mm&r=g","url":"https:\/\/secure.gravatar.com\/avatar\/7ca2d940d0ae3b24fc759c0201b34a0f70fe6611e5abefd5978e89211a09cdfd?s=96&d=mm&r=g","height":96,"width":96}},"publisher":{"@type":"Organization","name":"roklinka.cz","logo":{"@type":"ImageObject","@id":"\/logo.png","url":"\/logo.png","width":600,"height":60}},"image":{"@type":"ImageObject","@id":"https:\/\/www.roklinka.cz\/wp-content\/uploads\/img_a342746_w2584_t1555944946.jpg","url":"https:\/\/www.roklinka.cz\/wp-content\/uploads\/img_a342746_w2584_t1555944946.jpg","height":0,"width":0},"keywords":null},{"@type":"Article","@id":"https:\/\/www.roklinka.cz\/obleknete-sva-nadra\/","headline":"Obl\u00e9kn\u011bte sv\u00e1 \u0148adra","url":"https:\/\/www.roklinka.cz\/obleknete-sva-nadra\/","datePublished":"2025-02-28","dateModified":"2023-05-03","mainEntityOfPage":"https:\/\/www.roklinka.cz\/obleknete-sva-nadra\/","author":{"@type":"Person","@id":"https:\/\/www.roklinka.cz\/author\/#Person","name":"","url":"https:\/\/www.roklinka.cz\/author\/","identifier":1,"image":{"@type":"ImageObject","@id":"https:\/\/secure.gravatar.com\/avatar\/7ca2d940d0ae3b24fc759c0201b34a0f70fe6611e5abefd5978e89211a09cdfd?s=96&d=mm&r=g","url":"https:\/\/secure.gravatar.com\/avatar\/7ca2d940d0ae3b24fc759c0201b34a0f70fe6611e5abefd5978e89211a09cdfd?s=96&d=mm&r=g","height":96,"width":96}},"publisher":{"@type":"Organization","name":"roklinka.cz","logo":{"@type":"ImageObject","@id":"\/logo.png","url":"\/logo.png","width":600,"height":60}},"image":{"@type":"ImageObject","@id":"https:\/\/www.roklinka.cz\/wp-content\/uploads\/img_a312707_w2584_t1523517530.jpg","url":"https:\/\/www.roklinka.cz\/wp-content\/uploads\/img_a312707_w2584_t1523517530.jpg","height":0,"width":0},"keywords":null},{"@type":"Article","@id":"https:\/\/www.roklinka.cz\/oblibena-moda\/","headline":"Obl\u00edben\u00e1 m\u00f3da","url":"https:\/\/www.roklinka.cz\/oblibena-moda\/","datePublished":"2024-05-29","dateModified":"2024-05-29","mainEntityOfPage":"https:\/\/www.roklinka.cz\/oblibena-moda\/","author":{"@type":"Person","@id":"https:\/\/www.roklinka.cz\/author\/#Person","name":"","url":"https:\/\/www.roklinka.cz\/author\/","identifier":1,"image":{"@type":"ImageObject","@id":"https:\/\/secure.gravatar.com\/avatar\/7ca2d940d0ae3b24fc759c0201b34a0f70fe6611e5abefd5978e89211a09cdfd?s=96&d=mm&r=g","url":"https:\/\/secure.gravatar.com\/avatar\/7ca2d940d0ae3b24fc759c0201b34a0f70fe6611e5abefd5978e89211a09cdfd?s=96&d=mm&r=g","height":96,"width":96}},"publisher":{"@type":"Organization","name":"roklinka.cz","logo":{"@type":"ImageObject","@id":"\/logo.png","url":"\/logo.png","width":600,"height":60}},"image":{"@type":"ImageObject","@id":"https:\/\/www.roklinka.cz\/wp-content\/uploads\/woman-6724707_960_720.jpg","url":"https:\/\/www.roklinka.cz\/wp-content\/uploads\/woman-6724707_960_720.jpg","height":0,"width":0},"keywords":null},{"@type":"Article","@id":"https:\/\/www.roklinka.cz\/kila-navic-dokazou-slusne-potrapit\/","headline":"Kila nav\u00edc dok\u00e1\u017eou slu\u0161n\u011b potr\u00e1pit","url":"https:\/\/www.roklinka.cz\/kila-navic-dokazou-slusne-potrapit\/","datePublished":"2019-03-15","dateModified":"2023-05-03","mainEntityOfPage":"https:\/\/www.roklinka.cz\/kila-navic-dokazou-slusne-potrapit\/","author":{"@type":"Person","@id":"https:\/\/www.roklinka.cz\/author\/#Person","name":"","url":"https:\/\/www.roklinka.cz\/author\/","identifier":1,"image":{"@type":"ImageObject","@id":"https:\/\/secure.gravatar.com\/avatar\/7ca2d940d0ae3b24fc759c0201b34a0f70fe6611e5abefd5978e89211a09cdfd?s=96&d=mm&r=g","url":"https:\/\/secure.gravatar.com\/avatar\/7ca2d940d0ae3b24fc759c0201b34a0f70fe6611e5abefd5978e89211a09cdfd?s=96&d=mm&r=g","height":96,"width":96}},"publisher":{"@type":"Organization","name":"roklinka.cz","logo":{"@type":"ImageObject","@id":"\/logo.png","url":"\/logo.png","width":600,"height":60}},"image":{"@type":"ImageObject","@id":"https:\/\/www.roklinka.cz\/wp-content\/uploads\/img_a339476_w2584_t1552734827.jpg","url":"https:\/\/www.roklinka.cz\/wp-content\/uploads\/img_a339476_w2584_t1552734827.jpg","height":0,"width":0},"keywords":null},{"@type":"Article","@id":"https:\/\/www.roklinka.cz\/vsadte-na-efektivni-reseni\/","headline":"Vsa\u010fte na efektivn\u00ed \u0159e\u0161en\u00ed","url":"https:\/\/www.roklinka.cz\/vsadte-na-efektivni-reseni\/","datePublished":"2018-09-20","dateModified":"2023-05-03","mainEntityOfPage":"https:\/\/www.roklinka.cz\/vsadte-na-efektivni-reseni\/","author":{"@type":"Person","@id":"https:\/\/www.roklinka.cz\/author\/#Person","name":"","url":"https:\/\/www.roklinka.cz\/author\/","identifier":1,"image":{"@type":"ImageObject","@id":"https:\/\/secure.gravatar.com\/avatar\/7ca2d940d0ae3b24fc759c0201b34a0f70fe6611e5abefd5978e89211a09cdfd?s=96&d=mm&r=g","url":"https:\/\/secure.gravatar.com\/avatar\/7ca2d940d0ae3b24fc759c0201b34a0f70fe6611e5abefd5978e89211a09cdfd?s=96&d=mm&r=g","height":96,"width":96}},"publisher":{"@type":"Organization","name":"roklinka.cz","logo":{"@type":"ImageObject","@id":"\/logo.png","url":"\/logo.png","width":600,"height":60}},"image":{"@type":"ImageObject","@id":"https:\/\/www.roklinka.cz\/wp-content\/uploads\/img_a325674_w2376_t1537688532.jpg","url":"https:\/\/www.roklinka.cz\/wp-content\/uploads\/img_a325674_w2376_t1537688532.jpg","height":0,"width":0},"keywords":null},{"@type":"Article","@id":"https:\/\/www.roklinka.cz\/solarium-brno-opaleni-i-bez-slunicka\/","headline":"Sol\u00e1rium Brno \u2013 op\u00e1len\u00ed i bez slun\u00ed\u010dka","url":"https:\/\/www.roklinka.cz\/solarium-brno-opaleni-i-bez-slunicka\/","datePublished":"2018-09-11","dateModified":"2023-10-10","mainEntityOfPage":"https:\/\/www.roklinka.cz\/solarium-brno-opaleni-i-bez-slunicka\/","author":{"@type":"Person","@id":"https:\/\/www.roklinka.cz\/author\/#Person","name":"","url":"https:\/\/www.roklinka.cz\/author\/","identifier":1,"image":{"@type":"ImageObject","@id":"https:\/\/secure.gravatar.com\/avatar\/7ca2d940d0ae3b24fc759c0201b34a0f70fe6611e5abefd5978e89211a09cdfd?s=96&d=mm&r=g","url":"https:\/\/secure.gravatar.com\/avatar\/7ca2d940d0ae3b24fc759c0201b34a0f70fe6611e5abefd5978e89211a09cdfd?s=96&d=mm&r=g","height":96,"width":96}},"publisher":{"@type":"Organization","name":"roklinka.cz","logo":{"@type":"ImageObject","@id":"\/logo.png","url":"\/logo.png","width":600,"height":60}},"image":{"@type":"ImageObject","@id":"https:\/\/www.roklinka.cz\/wp-content\/uploads\/img_a325432_w2584_t1537345556.jpg","url":"https:\/\/www.roklinka.cz\/wp-content\/uploads\/img_a325432_w2584_t1537345556.jpg","height":0,"width":0},"keywords":null}]}