[{"@context":"https:\/\/schema.org\/","@type":"Article","@id":"https:\/\/www.roklinka.cz\/jejich-soucasti-bude-i-prislusenstvi\/#Article","mainEntityOfPage":"https:\/\/www.roklinka.cz\/jejich-soucasti-bude-i-prislusenstvi\/","headline":"Jejich sou\u010d\u00e1st\u00ed bude i p\u0159\u00edslu\u0161enstv\u00ed","name":"Jejich sou\u010d\u00e1st\u00ed bude i p\u0159\u00edslu\u0161enstv\u00ed","description":"Nev\u00edte si rady s t\u00edm, co pov\u011bsit v ob\u00fdvac\u00edm pokoji na st\u011bny? P\u0159ij\u010fte a porad\u00edme v\u00e1m. Mohly by se v\u00e1m hodit t\u0159eba na\u0161e obrazy na pl\u00e1tn\u011b. V\u0161echny d\u011bl\u00e1me ru\u010dn\u011b a pou\u017e\u00edv\u00e1me k tomu materi\u00e1ly \u0161pi\u010dkov\u00e9 kvality. Jsou zna\u010dkov\u00e9 a vydr\u017e\u00ed po mnoho let. Proto nen\u00ed t\u0159eba m\u00edt strach si je po\u0159\u00eddit. Pokud m\u00e1te z\u00e1jem o [&hellip;]","datePublished":"2024-12-05","dateModified":"2024-12-05","author":{"@type":"Person","@id":"https:\/\/www.roklinka.cz\/author\/#Person","name":"","url":"https:\/\/www.roklinka.cz\/author\/","identifier":1,"image":{"@type":"ImageObject","@id":"https:\/\/secure.gravatar.com\/avatar\/7ca2d940d0ae3b24fc759c0201b34a0f70fe6611e5abefd5978e89211a09cdfd?s=96&d=mm&r=g","url":"https:\/\/secure.gravatar.com\/avatar\/7ca2d940d0ae3b24fc759c0201b34a0f70fe6611e5abefd5978e89211a09cdfd?s=96&d=mm&r=g","height":96,"width":96}},"publisher":{"@type":"Organization","name":"roklinka.cz","logo":{"@type":"ImageObject","@id":"\/logo.png","url":"\/logo.png","width":600,"height":60}},"url":"https:\/\/www.roklinka.cz\/jejich-soucasti-bude-i-prislusenstvi\/","wordCount":192,"articleBody":"Nev\u00edte si rady s t\u00edm, co pov\u011bsit v ob\u00fdvac\u00edm pokoji na st\u011bny? P\u0159ij\u010fte a porad\u00edme v\u00e1m. Mohly by se v\u00e1m hodit t\u0159eba na\u0161e obrazy na pl\u00e1tn\u011b. V\u0161echny d\u011bl\u00e1me ru\u010dn\u011b a pou\u017e\u00edv\u00e1me k tomu materi\u00e1ly \u0161pi\u010dkov\u00e9 kvality. Jsou zna\u010dkov\u00e9 a vydr\u017e\u00ed po mnoho let. Proto nen\u00ed t\u0159eba m\u00edt strach si je po\u0159\u00eddit. Pokud m\u00e1te z\u00e1jem o na\u0161e slu\u017eby, nebojte se n\u00e1s oslovit. P\u0159i v\u00fdb\u011bru budete pot\u0159ebovat dobr\u00fd vkus Nen\u00ed v\u016fbec jednoduch\u00e9 dob\u0159e vybavit sv\u016fj d\u016fm. Chce to um\u011bt vybrat v\u011bci, kter\u00e9 k sob\u011b lad\u00ed. V\u011b\u0159\u00edme, \u017ee lze zvolit i z na\u0161ich obraz\u016f na pl\u00e1tn\u011b. Kdo sh\u00e1n\u00ed hezk\u00fd a kvalitn\u00ed d\u00e1rek pro sv\u00e9 p\u0159\u00e1tel\u00e9, bude to nepochybn\u011b v\u00fdborn\u00fd tip. V\u010das si v\u0161ak jeho zhotoven\u00ed u n\u00e1s objednejte. N\u00e1m\u011bt nech\u00e1me na v\u00e1s nebo v\u00e1m m\u016f\u017eeme poradit, co by bylo nejvhodn\u011bj\u0161\u00ed. Jsme tady pro v\u00e1s.                                                                                                                                                                                                                                                                                                                                                                                        4.2\/5 - (4 votes)        "},{"@context":"https:\/\/schema.org\/","@type":"BreadcrumbList","itemListElement":[{"@type":"ListItem","position":1,"name":"Jejich sou\u010d\u00e1st\u00ed bude i p\u0159\u00edslu\u0161enstv\u00ed","item":"https:\/\/www.roklinka.cz\/jejich-soucasti-bude-i-prislusenstvi\/#breadcrumbitem"}]}]